[{"id":"11423","link":"https:\/\/www.descosur.org.pe\/tan-pronto-y-sin-pena-ni-gloria\/","name":"tan-pronto-y-sin-pena-ni-gloria","thumbnail":{"url":"https:\/\/www.descosur.org.pe\/wp-content\/uploads\/2026\/08\/20260820_210005_13c4cf4c.jpg","alt":""},"title":"Tan pronto, y sin pena ni gloria","author":{"name":"descosur arequipa","link":"https:\/\/www.descosur.org.pe\/author\/descosur\/"},"date":"Ago 24, 2026","dateGMT":"2026-08-24 17:00:00","modifiedDate":"2026-08-25 12:23:16","modifiedDateGMT":"2026-08-25 17:23:16","commentCount":"0","commentStatus":"closed","categories":{"coma":"<a href=\"https:\/\/www.descosur.org.pe\/publicaciones\/blog\/\" rel=\"category tag\">Blog<\/a>, <a href=\"https:\/\/www.descosur.org.pe\/publicaciones\/noticias\/\" rel=\"category tag\">Noticias<\/a>","space":"<a href=\"https:\/\/www.descosur.org.pe\/publicaciones\/blog\/\" rel=\"category tag\">Blog<\/a> <a href=\"https:\/\/www.descosur.org.pe\/publicaciones\/noticias\/\" rel=\"category tag\">Noticias<\/a>"},"taxonomies":{"post_tag":"","language":"<a href='https:\/\/www.descosur.org.pe\/' rel='language'>Espa\u00f1ol<\/a>","post_translations":""},"readTime":{"min":4,"sec":49},"status":"publish","content":"A 23 d\u00edas del mensaje inaugural de la gesti\u00f3n de Keiko Fujimori, el presidente de su Consejo de Ministros, Luis Galarreta, asisti\u00f3 a la C\u00e1mara"},{"id":"11413","link":"https:\/\/www.descosur.org.pe\/junin-despues-del-temblor\/","name":"junin-despues-del-temblor","thumbnail":{"url":"https:\/\/www.descosur.org.pe\/wp-content\/uploads\/2026\/08\/20260722T0830-PERU-EARTHQUAKES-C-1024x683-1.jpg","alt":""},"title":"Jun\u00edn despu\u00e9s del temblor","author":{"name":"descosur arequipa","link":"https:\/\/www.descosur.org.pe\/author\/descosur\/"},"date":"Ago 17, 2026","dateGMT":"2026-08-17 21:22:56","modifiedDate":"2026-08-17 16:22:58","modifiedDateGMT":"2026-08-17 21:22:58","commentCount":"0","commentStatus":"closed","categories":{"coma":"<a href=\"https:\/\/www.descosur.org.pe\/publicaciones\/blog\/\" rel=\"category tag\">Blog<\/a>, <a href=\"https:\/\/www.descosur.org.pe\/publicaciones\/noticias\/\" rel=\"category tag\">Noticias<\/a>","space":"<a href=\"https:\/\/www.descosur.org.pe\/publicaciones\/blog\/\" rel=\"category tag\">Blog<\/a> <a href=\"https:\/\/www.descosur.org.pe\/publicaciones\/noticias\/\" rel=\"category tag\">Noticias<\/a>"},"taxonomies":{"post_tag":"","language":"<a href='https:\/\/www.descosur.org.pe\/' rel='language'>Espa\u00f1ol<\/a>","post_translations":""},"readTime":{"min":5,"sec":20},"status":"publish","content":"La tierra no avisa, pero deja constancia. Los sismos que remecieron Jun\u00edn entre fines de julio y los primeros d\u00edas de agosto no llamaron la"},{"id":"11404","link":"https:\/\/www.descosur.org.pe\/keiko-y-las-fuerzas-armadas\/","name":"keiko-y-las-fuerzas-armadas","thumbnail":{"url":"https:\/\/www.descosur.org.pe\/wp-content\/uploads\/2026\/08\/001302178W.jpg","alt":""},"title":"Keiko y las Fuerzas Armadas","author":{"name":"descosur arequipa","link":"https:\/\/www.descosur.org.pe\/author\/descosur\/"},"date":"Ago 10, 2026","dateGMT":"2026-08-10 21:46:08","modifiedDate":"2026-08-12 16:49:53","modifiedDateGMT":"2026-08-12 21:49:53","commentCount":"0","commentStatus":"closed","categories":{"coma":"<a href=\"https:\/\/www.descosur.org.pe\/publicaciones\/blog\/\" rel=\"category tag\">Blog<\/a>, <a href=\"https:\/\/www.descosur.org.pe\/publicaciones\/noticias\/\" rel=\"category tag\">Noticias<\/a>","space":"<a href=\"https:\/\/www.descosur.org.pe\/publicaciones\/blog\/\" rel=\"category tag\">Blog<\/a> <a href=\"https:\/\/www.descosur.org.pe\/publicaciones\/noticias\/\" rel=\"category tag\">Noticias<\/a>"},"taxonomies":{"post_tag":"","language":"<a href='https:\/\/www.descosur.org.pe\/' rel='language'>Espa\u00f1ol<\/a>","post_translations":""},"readTime":{"min":4,"sec":23},"status":"publish","content":"Uno de los anuncios m\u00e1s comentados de Keiko Fujimori que, adem\u00e1s, est\u00e1 en el centro mismo de su pedido de facultades legislativas al Congreso, es"},{"id":"11398","link":"https:\/\/www.descosur.org.pe\/deja-vu\/","name":"deja-vu","thumbnail":{"url":"https:\/\/www.descosur.org.pe\/wp-content\/uploads\/2026\/08\/6a695df0ca91c7376208ba32.jpg","alt":""},"title":"D\u00e9j\u00e0 vu","author":{"name":"descosur arequipa","link":"https:\/\/www.descosur.org.pe\/author\/descosur\/"},"date":"Ago 3, 2026","dateGMT":"2026-08-03 22:15:47","modifiedDate":"2026-08-05 17:20:50","modifiedDateGMT":"2026-08-05 22:20:50","commentCount":"0","commentStatus":"closed","categories":{"coma":"<a href=\"https:\/\/www.descosur.org.pe\/publicaciones\/blog\/\" rel=\"category tag\">Blog<\/a>, <a href=\"https:\/\/www.descosur.org.pe\/publicaciones\/noticias\/\" rel=\"category tag\">Noticias<\/a>","space":"<a href=\"https:\/\/www.descosur.org.pe\/publicaciones\/blog\/\" rel=\"category tag\">Blog<\/a> <a href=\"https:\/\/www.descosur.org.pe\/publicaciones\/noticias\/\" rel=\"category tag\">Noticias<\/a>"},"taxonomies":{"post_tag":"","language":"<a href='https:\/\/www.descosur.org.pe\/' rel='language'>Espa\u00f1ol<\/a>","post_translations":""},"readTime":{"min":3,"sec":38},"status":"publish","content":"Aunque no se refiri\u00f3 a su padre en ning\u00fan momento, lo que expuso el 28 de julio Keiko Fujimori buscaba ser su calco y copia. Repetir lo"},{"id":"11391","link":"https:\/\/www.descosur.org.pe\/urgencias-de-un-fujimorismo-sin-fujimori\/","name":"urgencias-de-un-fujimorismo-sin-fujimori","thumbnail":{"url":"https:\/\/www.descosur.org.pe\/wp-content\/uploads\/2026\/07\/KEIKO-REGRESA-PALACIO-25-ANOS.png","alt":""},"title":"Urgencias de un fujimorismo sin Fujimori","author":{"name":"descosur arequipa","link":"https:\/\/www.descosur.org.pe\/author\/descosur\/"},"date":"Jul 27, 2026","dateGMT":"2026-07-27 15:28:39","modifiedDate":"2026-07-30 10:34:03","modifiedDateGMT":"2026-07-30 15:34:03","commentCount":"0","commentStatus":"closed","categories":{"coma":"<a href=\"https:\/\/www.descosur.org.pe\/publicaciones\/blog\/\" rel=\"category tag\">Blog<\/a>, <a href=\"https:\/\/www.descosur.org.pe\/publicaciones\/noticias\/\" rel=\"category tag\">Noticias<\/a>","space":"<a href=\"https:\/\/www.descosur.org.pe\/publicaciones\/blog\/\" rel=\"category tag\">Blog<\/a> <a href=\"https:\/\/www.descosur.org.pe\/publicaciones\/noticias\/\" rel=\"category tag\">Noticias<\/a>"},"taxonomies":{"post_tag":"","language":"<a href='https:\/\/www.descosur.org.pe\/' rel='language'>Espa\u00f1ol<\/a>","post_translations":""},"readTime":{"min":3,"sec":57},"status":"publish","content":"La victoria electoral de Keiko Fujimori abre una nueva etapa pol\u00edtica. Como ocurre con todo gobierno que inicia su mandato, las primeras semanas est\u00e1n marcadas"},{"id":"11375","link":"https:\/\/www.descosur.org.pe\/programa-de-especializacion-en-monitoreo-de-agua-y-ecosistemas-en-zonas-de-alta-montana-maezam-edicion-2026\/","name":"programa-de-especializacion-en-monitoreo-de-agua-y-ecosistemas-en-zonas-de-alta-montana-maezam-edicion-2026","thumbnail":{"url":"https:\/\/www.descosur.org.pe\/wp-content\/uploads\/2026\/07\/Flyer_maezam.png","alt":""},"title":"Programa de Especializaci\u00f3n en Monitoreo de Agua y Ecosistemas en Zonas de Alta Monta\u00f1a (MAEZAM) - Edici\u00f3n 2026","author":{"name":"descosur arequipa","link":"https:\/\/www.descosur.org.pe\/author\/descosur\/"},"date":"Jul 22, 2026","dateGMT":"2026-07-22 19:18:19","modifiedDate":"2026-07-22 17:32:53","modifiedDateGMT":"2026-07-22 22:32:53","commentCount":"0","commentStatus":"closed","categories":{"coma":"<a href=\"https:\/\/www.descosur.org.pe\/publicaciones\/blog\/\" rel=\"category tag\">Blog<\/a>, <a href=\"https:\/\/www.descosur.org.pe\/publicaciones\/noticias\/\" rel=\"category tag\">Noticias<\/a>","space":"<a href=\"https:\/\/www.descosur.org.pe\/publicaciones\/blog\/\" rel=\"category tag\">Blog<\/a> <a href=\"https:\/\/www.descosur.org.pe\/publicaciones\/noticias\/\" rel=\"category tag\">Noticias<\/a>"},"taxonomies":{"post_tag":"","language":"<a href='https:\/\/www.descosur.org.pe\/' rel='language'>Espa\u00f1ol<\/a>","post_translations":""},"readTime":{"min":0,"sec":48},"status":"publish","content":"Fortalece tus capacidades t\u00e9cnicas y pr\u00e1cticas para el monitoreo del agua y los ecosistemas de alta monta\u00f1a. El programa combina sesiones virtuales y presenciales, actividades"},{"id":"11357","link":"https:\/\/www.descosur.org.pe\/mediocridad-y-recentralizacion\/","name":"mediocridad-y-recentralizacion","thumbnail":{"url":"https:\/\/www.descosur.org.pe\/wp-content\/uploads\/2026\/07\/RGHMEZ5NTZBY3MLZ2BFIBWGOWA-1-scaled.jpg","alt":""},"title":"Mediocridad y recentralizaci\u00f3n","author":{"name":"descosur arequipa","link":"https:\/\/www.descosur.org.pe\/author\/descosur\/"},"date":"Jul 20, 2026","dateGMT":"2026-07-20 15:00:46","modifiedDate":"2026-07-20 10:00:48","modifiedDateGMT":"2026-07-20 15:00:48","commentCount":"0","commentStatus":"closed","categories":{"coma":"<a href=\"https:\/\/www.descosur.org.pe\/publicaciones\/blog\/\" rel=\"category tag\">Blog<\/a>, <a href=\"https:\/\/www.descosur.org.pe\/publicaciones\/noticias\/\" rel=\"category tag\">Noticias<\/a>","space":"<a href=\"https:\/\/www.descosur.org.pe\/publicaciones\/blog\/\" rel=\"category tag\">Blog<\/a> <a href=\"https:\/\/www.descosur.org.pe\/publicaciones\/noticias\/\" rel=\"category tag\">Noticias<\/a>"},"taxonomies":{"post_tag":"","language":"<a href='https:\/\/www.descosur.org.pe\/' rel='language'>Espa\u00f1ol<\/a>","post_translations":""},"readTime":{"min":4,"sec":36},"status":"publish","content":"La reciente inauguraci\u00f3n del puente de la carretera Arequipa \u2013 La Joya es una buena noticia. Mejorar\u00e1 la conectividad regional, reducir\u00e1 tiempos de viaje y fortalecer\u00e1"},{"id":"11354","link":"https:\/\/www.descosur.org.pe\/el-futuro-gobierno-entre-dilemas-y-desafios\/","name":"el-futuro-gobierno-entre-dilemas-y-desafios","thumbnail":{"url":"https:\/\/www.descosur.org.pe\/wp-content\/uploads\/2026\/07\/55395747316_43cf8fd009_k.jpg","alt":""},"title":"El futuro gobierno: entre dilemas y desaf\u00edos","author":{"name":"descosur arequipa","link":"https:\/\/www.descosur.org.pe\/author\/descosur\/"},"date":"Jul 13, 2026","dateGMT":"2026-07-13 14:54:46","modifiedDate":"2026-07-20 09:56:55","modifiedDateGMT":"2026-07-20 14:56:55","commentCount":"0","commentStatus":"closed","categories":{"coma":"<a href=\"https:\/\/www.descosur.org.pe\/publicaciones\/blog\/\" rel=\"category tag\">Blog<\/a>, <a href=\"https:\/\/www.descosur.org.pe\/publicaciones\/noticias\/\" rel=\"category tag\">Noticias<\/a>","space":"<a href=\"https:\/\/www.descosur.org.pe\/publicaciones\/blog\/\" rel=\"category tag\">Blog<\/a> <a href=\"https:\/\/www.descosur.org.pe\/publicaciones\/noticias\/\" rel=\"category tag\">Noticias<\/a>"},"taxonomies":{"post_tag":"","language":"<a href='https:\/\/www.descosur.org.pe\/' rel='language'>Espa\u00f1ol<\/a>","post_translations":""},"readTime":{"min":4,"sec":22},"status":"publish","content":"Creer que el ajustado triunfo de Keiko Fujimori y Fuerza Popular (FP) cierra la crisis pol\u00edtica del pa\u00eds es ingenuo o definitivamente interesado. En realidad,"},{"id":"11351","link":"https:\/\/www.descosur.org.pe\/los-asentamientos-humanos-de-lima-sur-y-el-nino-costero\/","name":"los-asentamientos-humanos-de-lima-sur-y-el-nino-costero","thumbnail":{"url":"https:\/\/www.descosur.org.pe\/wp-content\/uploads\/2026\/07\/X2JDKKDUUJCSXN754EER5SH3DY.jpg","alt":""},"title":"Los asentamientos humanos de Lima sur y El Ni\u00f1o Costero","author":{"name":"descosur arequipa","link":"https:\/\/www.descosur.org.pe\/author\/descosur\/"},"date":"Jul 6, 2026","dateGMT":"2026-07-06 14:48:48","modifiedDate":"2026-07-20 09:54:22","modifiedDateGMT":"2026-07-20 14:54:22","commentCount":"0","commentStatus":"closed","categories":{"coma":"<a href=\"https:\/\/www.descosur.org.pe\/publicaciones\/blog\/\" rel=\"category tag\">Blog<\/a>, <a href=\"https:\/\/www.descosur.org.pe\/publicaciones\/noticias\/\" rel=\"category tag\">Noticias<\/a>","space":"<a href=\"https:\/\/www.descosur.org.pe\/publicaciones\/blog\/\" rel=\"category tag\">Blog<\/a> <a href=\"https:\/\/www.descosur.org.pe\/publicaciones\/noticias\/\" rel=\"category tag\">Noticias<\/a>"},"taxonomies":{"post_tag":"","language":"<a href='https:\/\/www.descosur.org.pe\/' rel='language'>Espa\u00f1ol<\/a>","post_translations":""},"readTime":{"min":2,"sec":57},"status":"publish","content":"El fen\u00f3meno El Ni\u00f1o Costero vuelve a instalarse en la agenda nacional. Mientras gran parte de la atenci\u00f3n p\u00fablica suele concentrarse en las posibles afectaciones"},{"id":"11335","link":"https:\/\/www.descosur.org.pe\/boletin-85\/","name":"boletin-85","thumbnail":{"url":"https:\/\/www.descosur.org.pe\/wp-content\/uploads\/2026\/07\/Boletin85-pdf-1.png","alt":"thumbnail of Boletin85"},"title":"Bolet\u00edn 85","author":{"name":"descosur arequipa","link":"https:\/\/www.descosur.org.pe\/author\/descosur\/"},"date":"Jul 1, 2026","dateGMT":"2026-07-01 17:38:33","modifiedDate":"2026-07-01 12:38:34","modifiedDateGMT":"2026-07-01 17:38:34","commentCount":"0","commentStatus":"closed","categories":{"coma":"<a href=\"https:\/\/www.descosur.org.pe\/publicaciones\/boletines\/\" rel=\"category tag\">Boletines<\/a>","space":"<a href=\"https:\/\/www.descosur.org.pe\/publicaciones\/boletines\/\" rel=\"category tag\">Boletines<\/a>"},"taxonomies":{"post_tag":"","language":"<a href='https:\/\/www.descosur.org.pe\/' rel='language'>Espa\u00f1ol<\/a>","post_translations":""},"readTime":{"min":0,"sec":1},"status":"publish","content":"Bolet\u00edn 85Descarga"},{"id":"11348","link":"https:\/\/www.descosur.org.pe\/vencedores-vencidos\/","name":"vencedores-vencidos","thumbnail":{"url":"https:\/\/www.descosur.org.pe\/wp-content\/uploads\/2026\/07\/GJn7SLoWMAEUfrX.jpg","alt":""},"title":"Vencedores vencidos","author":{"name":"descosur arequipa","link":"https:\/\/www.descosur.org.pe\/author\/descosur\/"},"date":"Jun 29, 2026","dateGMT":"2026-06-29 14:44:04","modifiedDate":"2026-07-20 09:48:38","modifiedDateGMT":"2026-07-20 14:48:38","commentCount":"0","commentStatus":"closed","categories":{"coma":"<a href=\"https:\/\/www.descosur.org.pe\/publicaciones\/blog\/\" rel=\"category tag\">Blog<\/a>, <a href=\"https:\/\/www.descosur.org.pe\/publicaciones\/noticias\/\" rel=\"category tag\">Noticias<\/a>","space":"<a href=\"https:\/\/www.descosur.org.pe\/publicaciones\/blog\/\" rel=\"category tag\">Blog<\/a> <a href=\"https:\/\/www.descosur.org.pe\/publicaciones\/noticias\/\" rel=\"category tag\">Noticias<\/a>"},"taxonomies":{"post_tag":"","language":"<a href='https:\/\/www.descosur.org.pe\/' rel='language'>Espa\u00f1ol<\/a>","post_translations":""},"readTime":{"min":3,"sec":20},"status":"publish","content":"Hay cuestiones que debieran ser abordadas porque dan elementos importantes para entender el comportamiento del sistema pol\u00edtico peruano, sin importar hacia donde se hayan inclinado"},{"id":"11321","link":"https:\/\/www.descosur.org.pe\/junin-tras-la-segunda-vuelta-electoral\/","name":"junin-tras-la-segunda-vuelta-electoral","thumbnail":{"url":"https:\/\/www.descosur.org.pe\/wp-content\/uploads\/2026\/06\/La-region-Junin-voto-por-Roberto-Sanchez-de-Juntos-por-el-Peru-1024x538-1.jpg","alt":""},"title":"Jun\u00edn tras la segunda vuelta electoral","author":{"name":"descosur arequipa","link":"https:\/\/www.descosur.org.pe\/author\/descosur\/"},"date":"Jun 22, 2026","dateGMT":"2026-06-22 14:00:00","modifiedDate":"2026-06-19 16:12:58","modifiedDateGMT":"2026-06-19 21:12:58","commentCount":"0","commentStatus":"closed","categories":{"coma":"<a href=\"https:\/\/www.descosur.org.pe\/publicaciones\/blog\/\" rel=\"category tag\">Blog<\/a>, <a href=\"https:\/\/www.descosur.org.pe\/publicaciones\/noticias\/\" rel=\"category tag\">Noticias<\/a>","space":"<a href=\"https:\/\/www.descosur.org.pe\/publicaciones\/blog\/\" rel=\"category tag\">Blog<\/a> <a href=\"https:\/\/www.descosur.org.pe\/publicaciones\/noticias\/\" rel=\"category tag\">Noticias<\/a>"},"taxonomies":{"post_tag":"","language":"<a href='https:\/\/www.descosur.org.pe\/' rel='language'>Espa\u00f1ol<\/a>","post_translations":""},"readTime":{"min":3,"sec":56},"status":"publish","content":"Al 98.999% del conteo oficial de la ONPE, Fuerza Popular (FP) segu\u00eda encabezando la elecci\u00f3n de la segunda vuelta, las cifras fueron benefici\u00e1ndola a medida que"}]